{"id":5659672,"date":"2023-03-05T16:33:26","date_gmt":"2023-03-05T19:33:26","guid":{"rendered":"https:\/\/ciendigital.com.br\/?p=5659672"},"modified":"2023-03-09T23:41:31","modified_gmt":"2023-03-10T02:41:31","slug":"editorial-cien-digital-25","status":"publish","type":"post","link":"https:\/\/ciendigital.com.br\/index.php\/2023\/03\/05\/editorial-cien-digital-25\/","title":{"rendered":"EDITORIAL &#8211; Cien Digital #25"},"content":{"rendered":"<div class=\"pdfprnt-buttons pdfprnt-buttons-post pdfprnt-top-right\"><a href=\"https:\/\/ciendigital.com.br\/index.php\/wp-json\/wp\/v2\/posts\/5659672?print=pdf\" class=\"pdfprnt-button pdfprnt-button-pdf\" target=\"_blank\" ><\/a><a href=\"https:\/\/ciendigital.com.br\/index.php\/wp-json\/wp\/v2\/posts\/5659672?print=print\" class=\"pdfprnt-button pdfprnt-button-print\" target=\"_blank\" ><img decoding=\"async\" src=\"https:\/\/ciendigital.com.br\/wp-content\/plugins\/pdf-print\/images\/print.png\" alt=\"image_print\" title=\"Conte\u00fado de impress\u00e3o\" \/><\/a><\/div><figure id=\"attachment_5659677\" aria-describedby=\"caption-attachment-5659677\" style=\"width: 300px\" class=\"wp-caption alignright\"><img loading=\"lazy\" decoding=\"async\" class=\"size-medium wp-image-5659677\" src=\"http:\/\/ciendigital.com.br\/wp-content\/uploads\/2023\/03\/Imagem-CAPA-300x212.jpg\" alt=\"\" width=\"300\" height=\"212\" srcset=\"https:\/\/ciendigital.com.br\/wp-content\/uploads\/2023\/03\/Imagem-CAPA-300x212.jpg 300w, https:\/\/ciendigital.com.br\/wp-content\/uploads\/2023\/03\/Imagem-CAPA-274x194.jpg 274w, https:\/\/ciendigital.com.br\/wp-content\/uploads\/2023\/03\/Imagem-CAPA.jpg 425w\" sizes=\"auto, (max-width: 300px) 100vw, 300px\" \/><figcaption id=\"caption-attachment-5659677\" class=\"wp-caption-text\">Image: O menino da cordilheira, 2016, Esteban Vivaldi<\/figcaption><\/figure>\n<p>EDITORIAL<\/p>\n<p><em>M<\/em><em>\u00f4<\/em><em>nica Campos<\/em><\/p>\n<p>Caros leitores, \u00e9 com alegria que chegamos ao 25\u00ba Cien digital. Um trabalho realizado a partir da contribui\u00e7\u00e3o de m\u00faltiplos profissionais e institui\u00e7\u00f5es em que o Cien est\u00e1 presente.<\/p>\n<p>Iniciamos com a apresenta\u00e7\u00e3o de Anna Arom\u00ed, \u201cUm moebius lacaniano\u201d, em que a autora faz a leitura do encontro CIEN\/CEREDA como uma forma de captar o real da psican\u00e1lise. Tamb\u00e9m por esta via, seguimos com o texto esclarecedor de Daniel Roy, \u201cPais Exasperados \u2013 Crian\u00e7as Terr\u00edveis\u201d, no qual aponta os embara\u00e7os de uma \u00e9poca no que se refere \u00e0s fun\u00e7\u00f5es parentais e \u00e0s respostas das crian\u00e7as.<\/p>\n<p>Tendo em vista os v\u00e1rios lugares e tem\u00e1ticas, na rubrica Laborat\u00f3rios temos a contribui\u00e7\u00e3o de diversos laborat\u00f3rios: Laborat\u00f3rio Criar (SP), \u201cDa pr\u00e1tica \u00e0 conversa\u00e7\u00e3o ou da conversa\u00e7\u00e3o \u00e0 pr\u00e1tica?\u201d; Laborat\u00f3rio Diga\u00ed-Escola (RJ), \u201cSurpresas da inter-disciplinaridade\u201d e \u201cEntre o questionamento agressivo e a apatia depressiva, conversa\u00e7\u00e3o como campo de media\u00e7\u00e3o subjetiva\u201d; Laborat\u00f3rio Encontro de Saberes (SC), \u201cAs conversa\u00e7\u00f5es: os atropelos, a pandemia e as novas possibilidades\u201d e \u201cA localiza\u00e7\u00e3o do que n\u00e3o se v\u00ea\u201d; Laborat\u00f3rio Ciranda de Conversa (PR), \u201cEducadores na pandemia: solit\u00e1rios e impotentes\u201d e \u201cEntre o v\u00ednculo e a educa\u00e7\u00e3o: um impasse\u201d; Laborat\u00f3rio Brota (MG), \u201cDo imposs\u00edvel do furo \u00e0 conting\u00eancia de um <em>parkour<\/em>\u201d; Laborat\u00f3rio M\u00e3e e seus Filhos, \u201cO sexual e a zona de fratura: perspectivas para uma pr\u00e1tica com crian\u00e7as e seus pais\u201d. Vale destacar que todos os testemunhos das pr\u00e1ticas nos laborat\u00f3rios evidenciam a orienta\u00e7\u00e3o e a sustenta\u00e7\u00e3o pelos fundamentos do CIEN.<\/p>\n<p>Os princ\u00edpios e fundamentos do CIEN s\u00e3o atualizados e problematizados nas Contribui\u00e7\u00f5es de Ana Lydia Santiago, \u201cO que falar quer dizer\u201d, bem como de Maria do Ros\u00e1rio Collier do R\u00eago Barros, \u201cA originalidade da interdisciplinaridade do CIEN\u201d. Ambos os textos foram apresentados na Manh\u00e3 do Cien Brasil em 2018. Ainda nesta rubrica, podemos ler uma instigante contribui\u00e7\u00e3o de Fl\u00e1via C\u00eara sobre o nosso tempo e seus efeitos em \u201cA fam\u00edlia em quest\u00e3o\u201d.<\/p>\n<p>Em Ponto de Vista, Cl\u00e1udia Regina Santa Silva, respons\u00e1vel pelo laborat\u00f3rio O saber da crian\u00e7a, trata do funcionamento de um laborat\u00f3rio do CIEN, sua forma\u00e7\u00e3o, seu percurso, seu encerramento e o que \u00e9 poss\u00edvel extrair levando em conta a b\u00fassola desse fazer.<\/p>\n<p>A rubrica \u00d3rbita apresenta o trabalho \u201cViol\u00eancia e confronto na adolesc\u00eancia: o que pode fazer Borda?\u201d de Pedro Braccini (MG). Esse tema foi tratado no N\u00facleo de Psican\u00e1lise e Direito do IPSM-MG, considerando o uso do diagn\u00f3stico TOD\/DSM-V (transtorno opositor desafiador) \u2013 como um transtorno de conduta da inf\u00e2ncia e adolesc\u00eancia \u2013 para nomear os fen\u00f4menos que fazem obje\u00e7\u00e3o \u00e0 coes\u00e3o do la\u00e7o social.<\/p>\n<p>Para concluir nossa revista Cien Digital 25 contamos com o CINE-CIEN realizado pelo Laborat\u00f3rio Ciranda de Conversa (PR) e sua constru\u00e7\u00e3o a partir do filme \u201cMeu nome \u00e9 Ray\u201d. A quest\u00e3o que se elabora \u00e9: sobre qual humanidade falamos? Tema contempor\u00e2neo e caro ao CIEN.<\/p>\n<p>O Cien Digital 25 agradece imensamente a gentileza dos artistas S\u00edlvio Jess\u00e9 e Esteban Vivaldi que nos permitiram compor o trabalho da revista com beleza e sensibilidade cedendo as artes aqui apresentadas.<\/p>\n<p>Boa leitura!<\/p>\n","protected":false},"excerpt":{"rendered":"<p>EDITORIAL M\u00f4nica Campos Caros leitores, \u00e9 com alegria que chegamos ao 25\u00ba Cien digital. Um trabalho realizado a partir da contribui\u00e7\u00e3o de m\u00faltiplos profissionais e institui\u00e7\u00f5es em que o Cien est\u00e1 presente. Iniciamos com a apresenta\u00e7\u00e3o de Anna Arom\u00ed, \u201cUm moebius lacaniano\u201d, em que a autora faz a leitura do encontro CIEN\/CEREDA como uma forma&hellip;<\/p>\n","protected":false},"author":1,"featured_media":5659677,"comment_status":"closed","ping_status":"open","sticky":false,"template":"","format":"standard","meta":{"footnotes":""},"categories":[143,80],"tags":[],"post_series":[],"class_list":["post-5659672","post","type-post","status-publish","format-standard","has-post-thumbnail","hentry","category-cien-digital-25","category-editorial","entry","has-media"],"_links":{"self":[{"href":"https:\/\/ciendigital.com.br\/index.php\/wp-json\/wp\/v2\/posts\/5659672","targetHints":{"allow":["GET"]}}],"collection":[{"href":"https:\/\/ciendigital.com.br\/index.php\/wp-json\/wp\/v2\/posts"}],"about":[{"href":"https:\/\/ciendigital.com.br\/index.php\/wp-json\/wp\/v2\/types\/post"}],"author":[{"embeddable":true,"href":"https:\/\/ciendigital.com.br\/index.php\/wp-json\/wp\/v2\/users\/1"}],"replies":[{"embeddable":true,"href":"https:\/\/ciendigital.com.br\/index.php\/wp-json\/wp\/v2\/comments?post=5659672"}],"version-history":[{"count":0,"href":"https:\/\/ciendigital.com.br\/index.php\/wp-json\/wp\/v2\/posts\/5659672\/revisions"}],"wp:featuredmedia":[{"embeddable":true,"href":"https:\/\/ciendigital.com.br\/index.php\/wp-json\/wp\/v2\/media\/5659677"}],"wp:attachment":[{"href":"https:\/\/ciendigital.com.br\/index.php\/wp-json\/wp\/v2\/media?parent=5659672"}],"wp:term":[{"taxonomy":"category","embeddable":true,"href":"https:\/\/ciendigital.com.br\/index.php\/wp-json\/wp\/v2\/categories?post=5659672"},{"taxonomy":"post_tag","embeddable":true,"href":"https:\/\/ciendigital.com.br\/index.php\/wp-json\/wp\/v2\/tags?post=5659672"},{"taxonomy":"post_series","embeddable":true,"href":"https:\/\/ciendigital.com.br\/index.php\/wp-json\/wp\/v2\/post_series?post=5659672"}],"curies":[{"name":"wp","href":"https:\/\/api.w.org\/{rel}","templated":true}]}}